{"id":10820,"date":"2017-08-22T13:29:15","date_gmt":"2017-08-22T16:29:15","guid":{"rendered":"https:\/\/www.orlandia.sp.gov.br\/novo\/?p=10820"},"modified":"2017-08-22T15:01:24","modified_gmt":"2017-08-22T18:01:24","slug":"chamada-publica-042017","status":"publish","type":"post","link":"https:\/\/www.orlandia.sp.gov.br\/novo\/publicacoes\/chamada-publica\/chamada-publica-042017","title":{"rendered":"CHAMADA P\u00daBLICA 04\/2017"},"content":{"rendered":"<p>Em vista do disposto nos artigos 127 e 128 da Lei Org\u00e2nica do Munic\u00edpio de Orl\u00e2ndia, dos princ\u00edpios constitucionais que regem a Administra\u00e7\u00e3o P\u00fablica Municipal, bem como o previsto na Lei Municipal n.\u00ba 3.981, de 18 de junho de 2014 e no Decreto 4.667 de 17 de agosto de 2017, que \u201cRegulamenta a realiza\u00e7\u00e3o da Feira do Livro no ano de 2017 e d\u00e1 outras provid\u00eancias.\u201d, que ficam fazendo parte integrante do presente, a Administra\u00e7\u00e3o P\u00fablica Municipal faz p\u00fablico que se acha aberta a presente <strong>CHAMADA P\u00daBLICA<\/strong> para sele\u00e7\u00e3o dos expositores para a Feira do Livro 2017 do Munic\u00edpio de Orl\u00e2ndia, que acontecer\u00e1 no per\u00edodo de 14 a 17 de setembro de 2017, das 09:00 \u00e0s 21:00 horas, na Pra\u00e7a M\u00e1rio Furtado.<br \/>\n1. Encontra-se aberta, na Prefeitura Municipal de Orl\u00e2ndia, a <strong>CHAMADA P\u00daBLICA N.\u00ba 004\/2016<\/strong>, visando a sele\u00e7\u00e3o de editoras, distribuidoras e livrarias regularmente constitu\u00eddas que pretendam instalar estande no evento denominada <strong>FEIRA DO LIVRO 2017<\/strong>, que acontecer\u00e1 no per\u00edodo de 14 a 17 de setembro de 2017, das 09:00 \u00e0s 21:00 horas, na Pra\u00e7a M\u00e1rio Furtado, s\/n\u00ba, no munic\u00edpio de Orl\u00e2ndia, Estado de S\u00e3o Paulo.<\/p>\n<p><a id=\"linkEdital\"onclick=\"validaDownload();\"onmouseover=\"carrega();\"href=\"https:\/\/www.orlandia.sp.gov.br\/novo\/wp-content\/uploads\/2017\/08\/Edital-Chamada-P\u00fablica-04_2017-FEIRA-DO-LIVRO-2017.pdf\">Download Edital<\/a><\/p>\n<p><a href=\"https:\/\/www.orlandia.sp.gov.br\/novo\/wp-content\/uploads\/2017\/08\/decreto-4667.pdf\">Decreto 4667<\/a><\/p>\n","protected":false},"excerpt":{"rendered":"<p>Em vista do disposto nos artigos 127 e 128 da Lei Org\u00e2nica do Munic\u00edpio de Orl\u00e2ndia, dos princ\u00edpios constitucionais que regem a Administra\u00e7\u00e3o P\u00fablica Municipal, bem como o previsto na Lei Municipal n.\u00ba 3.981, de 18 de junho de 2014 e no Decreto 4.667 de 17 de agosto de 2017, que \u201cRegulamenta a realiza\u00e7\u00e3o da Feira do Livro no ano de 2017 e d\u00e1 outras provid\u00eancias.\u201d, que ficam fazendo parte integrante do presente, a Administra\u00e7\u00e3o P\u00fablica Municipal faz p\u00fablico que se acha aberta a presente CHAMADA P\u00daBLICA para sele\u00e7\u00e3o dos expositores para a Feira do Livro 2017 do Munic\u00edpio de Orl\u00e2ndia, que acontecer\u00e1 no per\u00edodo de 14 a 17 de setembro de 2017, das 09:00 \u00e0s 21:00 horas, na Pra\u00e7a M\u00e1rio Furtado.<\/p>\n","protected":false},"author":10,"featured_media":0,"comment_status":"open","ping_status":"open","sticky":false,"template":"","format":"standard","meta":{"ngg_post_thumbnail":0,"footnotes":""},"categories":[37],"tags":[],"magazineBlocksPostFeaturedMedia":{"thumbnail":false,"medium":false,"medium_large":false,"large":false,"1536x1536":false,"2048x2048":false,"colormag-highlighted-post":false,"colormag-featured-post-medium":false,"colormag-featured-post-small":false,"colormag-featured-image":false,"colormag-default-news":false,"colormag-featured-image-large":false},"magazineBlocksPostAuthor":{"name":"Licita\u00e7\u00e3o","avatar":"https:\/\/secure.gravatar.com\/avatar\/510039dcf0c0f298820adcefb2dc032d?s=96&d=mm&r=g"},"magazineBlocksPostCommentsNumber":false,"magazineBlocksPostExcerpt":"Em vista do disposto nos artigos 127 e 128 da Lei Org\u00e2nica do Munic\u00edpio de Orl\u00e2ndia, dos princ\u00edpios constitucionais que regem a Administra\u00e7\u00e3o P\u00fablica Municipal, bem como o previsto na Lei Municipal n.\u00ba 3.981, de 18 de junho de 2014 e no Decreto 4.667 de 17 de agosto de 2017, que \u201cRegulamenta a realiza\u00e7\u00e3o da Feira do Livro no ano de 2017 e d\u00e1 outras provid\u00eancias.\u201d, que ficam fazendo parte integrante do presente, a Administra\u00e7\u00e3o P\u00fablica Municipal faz p\u00fablico que se acha aberta a presente CHAMADA P\u00daBLICA para sele\u00e7\u00e3o dos expositores para a Feira do Livro 2017 do Munic\u00edpio de Orl\u00e2ndia, que acontecer\u00e1 no per\u00edodo de 14 a 17 de setembro de 2017, das 09:00 \u00e0s 21:00 horas, na Pra\u00e7a M\u00e1rio Furtado.","magazineBlocksPostCategories":["Chamada P\u00fablica"],"magazine_blocks_featured_image_url":{"full":false,"medium":false,"thumbnail":false},"magazine_blocks_author":{"display_name":"Licita\u00e7\u00e3o","author_link":"https:\/\/www.orlandia.sp.gov.br\/novo\/author\/licitacao"},"magazine_blocks_comment":0,"magazine_blocks_author_image":"https:\/\/secure.gravatar.com\/avatar\/510039dcf0c0f298820adcefb2dc032d?s=96&d=mm&r=g","magazine_blocks_category":"<a href=\"https:\/\/www.orlandia.sp.gov.br\/novo\/category\/publicacoes\/chamada-publica\" rel=\"category tag\">Chamada P\u00fablica<\/a>","_links":{"self":[{"href":"https:\/\/www.orlandia.sp.gov.br\/novo\/wp-json\/wp\/v2\/posts\/10820"}],"collection":[{"href":"https:\/\/www.orlandia.sp.gov.br\/novo\/wp-json\/wp\/v2\/posts"}],"about":[{"href":"https:\/\/www.orlandia.sp.gov.br\/novo\/wp-json\/wp\/v2\/types\/post"}],"author":[{"embeddable":true,"href":"https:\/\/www.orlandia.sp.gov.br\/novo\/wp-json\/wp\/v2\/users\/10"}],"replies":[{"embeddable":true,"href":"https:\/\/www.orlandia.sp.gov.br\/novo\/wp-json\/wp\/v2\/comments?post=10820"}],"version-history":[{"count":3,"href":"https:\/\/www.orlandia.sp.gov.br\/novo\/wp-json\/wp\/v2\/posts\/10820\/revisions"}],"predecessor-version":[{"id":10825,"href":"https:\/\/www.orlandia.sp.gov.br\/novo\/wp-json\/wp\/v2\/posts\/10820\/revisions\/10825"}],"wp:attachment":[{"href":"https:\/\/www.orlandia.sp.gov.br\/novo\/wp-json\/wp\/v2\/media?parent=10820"}],"wp:term":[{"taxonomy":"category","embeddable":true,"href":"https:\/\/www.orlandia.sp.gov.br\/novo\/wp-json\/wp\/v2\/categories?post=10820"},{"taxonomy":"post_tag","embeddable":true,"href":"https:\/\/www.orlandia.sp.gov.br\/novo\/wp-json\/wp\/v2\/tags?post=10820"}],"curies":[{"name":"wp","href":"https:\/\/api.w.org\/{rel}","templated":true}]}}