{"id":10724,"date":"2017-07-26T15:20:48","date_gmt":"2017-07-26T18:20:48","guid":{"rendered":"https:\/\/www.orlandia.sp.gov.br\/novo\/?p=10724"},"modified":"2017-08-18T15:27:39","modified_gmt":"2017-08-18T18:27:39","slug":"tomada-de-precos-062017","status":"publish","type":"post","link":"https:\/\/www.orlandia.sp.gov.br\/novo\/publicacoes\/tomada-de-preco\/tomada-de-precos-062017","title":{"rendered":"TOMADA DE PRE\u00c7OS 06\/2017"},"content":{"rendered":"<p>A PREFEITURA MUNICIPAL DE ORL\u00c2NDIA, do Estado de S\u00e3o Paulo, inscrita no CNPJ\/MF sob o n\u00ba 45.351.749\/0001\u201311, inscrita na I.E n\u00ba 491.040.101.110, por determina\u00e7\u00e3o do Excelent\u00edssimo Senhor Prefeito Municipal SENHOR OSWALDO RIBEIRO JUNQUEIRA NETO, no uso de suas atribui\u00e7\u00f5es legais, faz p\u00fablico que se acha aberta a TOMADA DE PRE\u00c7OS N\u00ba 06\/2017, tipo MENOR PRE\u00c7O GLOBAL, que tem por objeto a <strong>CONTRATA\u00c7\u00c3O DE EMPRESA ESPECIALIZADA PARA PRESTA\u00c7\u00c3O DE SERVI\u00c7OS PARA ELABORA\u00c7\u00c3O DE PROJETO DE COMBATE E PREVEN\u00c7\u00c3O AO INC\u00caNDIO NAS ESCOLAS DA REDE MUNICIPAL DE ENSINO<\/strong>, que ser\u00e1 procedida e julgada de acordo com os princ\u00edpios e normas gerais estabelecidas pela Lei Federal n\u00ba 8.666, de 21 de junho de 1993, bem como pelas disposi\u00e7\u00f5es deste edital.<\/p>\n<p>O futuro contrato a ser assinado nos presentes autos reger-se-\u00e1 pelas disposi\u00e7\u00f5es legais contidas na Lei n.\u00ba 8.666\/93, na Lei Org\u00e2nica do Munic\u00edpio de Orl\u00e2ndia e demais normas legais pertinentes.<\/p>\n<p><a id=\"linkEdital\"onclick=\"validaDownload();\"onmouseover=\"carrega();\"href=\"https:\/\/www.orlandia.sp.gov.br\/novo\/wp-content\/uploads\/2017\/07\/TOMADA-DE-PRE\u00c7OS-06-2017-Contrata\u00e7\u00e3o-de-empresa-para-elabora\u00e7\u00e3o-de-projeto-de-combate-ao-inc\u00eandio-1.pdf\">Download Edital<\/a><\/p>\n<p><a href=\"https:\/\/www.orlandia.sp.gov.br\/novo\/wp-content\/uploads\/2017\/07\/MAPA-ESCOLA-16.zip\">MAPA-ESCOLA-16<\/a><\/p>\n","protected":false},"excerpt":{"rendered":"<p>PROCESSO n\u00ba 098\/2017<br \/>\nOBJETO: CONTRATA\u00c7\u00c3O DE EMPRESA ESPECIALIZADA PARA PRESTA\u00c7\u00c3O DE SERVI\u00c7OS PARA ELABORA\u00c7\u00c3O DE PROJETO DE COMBATE E PREVEN\u00c7\u00c3O AO INC\u00caNDIO NAS ESCOLAS DA REDE MUNICIPAL DE ENSINO.<br \/>\nDATA DE REALIZA\u00c7\u00c3O: 31\/08\/2017.<br \/>\nHOR\u00c1RIO: 09:00 HORAS.<br \/>\nLOCAL: Pra\u00e7a Coronel Orlando n\u00ba 652, centro.<br \/>\nOBS.: D\u00favidas somente por e-mail: licitacao@orlandia.sp.gov.br a partir da data de disponibiliza\u00e7\u00e3o.<\/p>\n","protected":false},"author":10,"featured_media":0,"comment_status":"open","ping_status":"open","sticky":false,"template":"","format":"standard","meta":{"ngg_post_thumbnail":0,"footnotes":""},"categories":[44],"tags":[],"magazineBlocksPostFeaturedMedia":{"thumbnail":false,"medium":false,"medium_large":false,"large":false,"1536x1536":false,"2048x2048":false,"colormag-highlighted-post":false,"colormag-featured-post-medium":false,"colormag-featured-post-small":false,"colormag-featured-image":false,"colormag-default-news":false,"colormag-featured-image-large":false},"magazineBlocksPostAuthor":{"name":"Licita\u00e7\u00e3o","avatar":"https:\/\/secure.gravatar.com\/avatar\/510039dcf0c0f298820adcefb2dc032d?s=96&d=mm&r=g"},"magazineBlocksPostCommentsNumber":false,"magazineBlocksPostExcerpt":"PROCESSO n\u00ba 098\/2017\r\nOBJETO: CONTRATA\u00c7\u00c3O DE EMPRESA ESPECIALIZADA PARA PRESTA\u00c7\u00c3O DE SERVI\u00c7OS PARA ELABORA\u00c7\u00c3O DE PROJETO DE COMBATE E PREVEN\u00c7\u00c3O AO INC\u00caNDIO NAS ESCOLAS DA REDE MUNICIPAL DE ENSINO.\r\nDATA DE REALIZA\u00c7\u00c3O: 31\/08\/2017.\r\nHOR\u00c1RIO: 09:00 HORAS. \r\nLOCAL: Pra\u00e7a Coronel Orlando n\u00ba 652, centro.\r\nOBS.: D\u00favidas somente por e-mail: licitacao@orlandia.sp.gov.br a partir da data de disponibiliza\u00e7\u00e3o.","magazineBlocksPostCategories":["Tomada de Pre\u00e7o"],"magazine_blocks_featured_image_url":{"full":false,"medium":false,"thumbnail":false},"magazine_blocks_author":{"display_name":"Licita\u00e7\u00e3o","author_link":"https:\/\/www.orlandia.sp.gov.br\/novo\/author\/licitacao"},"magazine_blocks_comment":0,"magazine_blocks_author_image":"https:\/\/secure.gravatar.com\/avatar\/510039dcf0c0f298820adcefb2dc032d?s=96&d=mm&r=g","magazine_blocks_category":"<a href=\"https:\/\/www.orlandia.sp.gov.br\/novo\/category\/publicacoes\/tomada-de-preco\" rel=\"category tag\">Tomada de Pre\u00e7o<\/a>","_links":{"self":[{"href":"https:\/\/www.orlandia.sp.gov.br\/novo\/wp-json\/wp\/v2\/posts\/10724"}],"collection":[{"href":"https:\/\/www.orlandia.sp.gov.br\/novo\/wp-json\/wp\/v2\/posts"}],"about":[{"href":"https:\/\/www.orlandia.sp.gov.br\/novo\/wp-json\/wp\/v2\/types\/post"}],"author":[{"embeddable":true,"href":"https:\/\/www.orlandia.sp.gov.br\/novo\/wp-json\/wp\/v2\/users\/10"}],"replies":[{"embeddable":true,"href":"https:\/\/www.orlandia.sp.gov.br\/novo\/wp-json\/wp\/v2\/comments?post=10724"}],"version-history":[{"count":5,"href":"https:\/\/www.orlandia.sp.gov.br\/novo\/wp-json\/wp\/v2\/posts\/10724\/revisions"}],"predecessor-version":[{"id":10810,"href":"https:\/\/www.orlandia.sp.gov.br\/novo\/wp-json\/wp\/v2\/posts\/10724\/revisions\/10810"}],"wp:attachment":[{"href":"https:\/\/www.orlandia.sp.gov.br\/novo\/wp-json\/wp\/v2\/media?parent=10724"}],"wp:term":[{"taxonomy":"category","embeddable":true,"href":"https:\/\/www.orlandia.sp.gov.br\/novo\/wp-json\/wp\/v2\/categories?post=10724"},{"taxonomy":"post_tag","embeddable":true,"href":"https:\/\/www.orlandia.sp.gov.br\/novo\/wp-json\/wp\/v2\/tags?post=10724"}],"curies":[{"name":"wp","href":"https:\/\/api.w.org\/{rel}","templated":true}]}}