{"id":10222,"date":"2017-03-27T14:54:47","date_gmt":"2017-03-27T17:54:47","guid":{"rendered":"https:\/\/www.orlandia.sp.gov.br\/novo\/?p=10222"},"modified":"2017-04-24T16:56:46","modified_gmt":"2017-04-24T19:56:46","slug":"pregao-presencial-382017","status":"publish","type":"post","link":"https:\/\/www.orlandia.sp.gov.br\/novo\/publicacoes\/pregao-presencial\/pregao-presencial-382017","title":{"rendered":"PREG\u00c3O PRESENCIAL 38\/2017"},"content":{"rendered":"<p>O MUNIC\u00cdPIO DE ORL\u00c2NDIA, pessoa jur\u00eddica de direito p\u00fablico interno, com sede na cidade de Orl\u00e2ndia, Estado de S\u00e3o Paulo, na Pra\u00e7a Coronel Orlando n\u00ba 600, centro, CEP 14620-000, telefone (16) 3820-8000, inscrita no CNPJ\/MF sob n\u00ba 45.351.749\/0001\u201311, inscrita na I.E 491.040.101.110, por determina\u00e7\u00e3o do Excelent\u00edssimo Prefeito Municipal, SENHOR OSWALDO RIBEIRO JUNQUEIRA NETO, torna p\u00fablico que se acha aberta \u00e0 licita\u00e7\u00e3o na modalidade PREG\u00c3O \u2013 PRESENCIAL (ATA DE REGISTRO DE PRE\u00c7OS), do tipo MENOR VALOR GLOBAL POR LOTE \u2013 Processo n\u00ba 49\/017, objetivando o<strong> REGISTRO DE PRE\u00c7OS PARA AQUISI\u00c7\u00c3O DE UNIFORMES ESCOLARES A SEREM DESTINADOS AOS ALUNOS DA REDE PUBLICA MUNICIPAL DE ENSINO<\/strong>, que ser\u00e1 regida pela Lei Federal n\u00ba 10.520, de 17 de julho de 2002, Decreto Municipal n\u00ba 3.373, de 30 de maio de 2005, Decreto Municipal 4.111, de 06 de fevereiro de 2012, aplicando-se subsidiariamente, no que couberem, as disposi\u00e7\u00f5es contidas na Lei Federal n\u00ba 8.666, de 21 de junho de 1993, e demais normas regulamentares aplic\u00e1veis \u00e0 esp\u00e9cie.<br \/>\n1. As propostas dever\u00e3o obedecer \u00e0s especifica\u00e7\u00f5es estabelecidas por este instrumento convocat\u00f3rio e seus anexos, que dele fazem parte integrante.<\/p>\n<p>2. Os envelopes contendo a proposta e os documentos de habilita\u00e7\u00e3o ser\u00e3o recebidos no endere\u00e7o acima mencionado, na sess\u00e3o p\u00fablica de processamento do Preg\u00e3o, ap\u00f3s o credenciamento dos interessados que se apresentarem para participar do certame.<br \/>\n3. A sess\u00e3o de processamento do Preg\u00e3o Presencial ser\u00e1 realizada em depend\u00eancia pr\u00f3pria da Administra\u00e7\u00e3o P\u00fablica Municipal, localizada na Pra\u00e7a Coronel Orlando, n\u00ba 652 \u2013 centro, na cidade de Orl\u00e2ndia, Estado de S\u00e3o Paulo, iniciando-se no dia <strong>08\/05\/2017<\/strong> \u00e0s <strong>09:00h<\/strong> e ser\u00e1 conduzida por um dos Pregoeiros, com o aux\u00edlio da Equipe de Apoio, designados pelo Decreto n\u00ba 4.605, de 15 de janeiro de 2017.<br \/>\n4. A(s) licitante(s) vencedoras do certame dever\u00e3(o) apresentar as amostras de todos os itens solicitados para o objeto licitado (todos os itens constantes do kit) com a devida personaliza\u00e7\u00e3o, conforme especifica\u00e7\u00f5es constantes no Anexo I, obrigatoriamente, no prazo de at\u00e9 08 (oito) dias \u00fateis ap\u00f3s a realiza\u00e7\u00e3o da sess\u00e3o do preg\u00e3o em que foram declarada(s) vencedora(s). Este procedimento visa verificar a conformidade das propostas com os requisitos do ato convocat\u00f3rio e do crit\u00e9rio de julgamento adotado, observados as especifica\u00e7\u00f5es t\u00e9cnicas e os par\u00e2metros m\u00ednimos definidos no edital, considerando-se que as amostras servem para tais aferi\u00e7\u00f5es (vide demais instru\u00e7\u00f5es no anexo I do edital).<\/p>\n<p>5. O licitante Vencedor que n\u00e3o entregar a amostra dentro do prazo determinado ser\u00e1 desclassificado.<\/p>\n<p>6. AS AMOSTRAS DEVER\u00c3O ESTAR IDENTIFICADAS com data, assinatura e nome da empresa licitante. N\u00e3o ser\u00e1 avaliada a amostra que n\u00e3o estiver identificada ou fora de sua embalagem original.<br \/>\n7. A(s) licitante(s) vencedora(s) que tiverem qualquer item de suas amostras desclassificados pela Comiss\u00e3o de An\u00e1lise Interma de Amostras por estarem em desconformidade com as especifica\u00e7\u00f5es t\u00e9cnicas do edital (Anexo I), ser\u00e1(o) desclassificada(s) em rela\u00e7\u00e3o ao referido kit e lote.<\/p>\n<p><a id=\"linkEdital\"onclick=\"validaDownload();\"onmouseover=\"carrega();\"href=\"https:\/\/www.orlandia.sp.gov.br\/novo\/wp-content\/uploads\/2017\/03\/EDITAL-PREG\u00c3O-38-2017-Registro-de-pre\u00e7os-para-aquisi\u00e7\u00e3o-de-uniformes-escolares-para-alunos-da-rede-p\u00fablica-1.pdf\">Download Edital<\/a><\/p>\n","protected":false},"excerpt":{"rendered":"<p>PROCESSO n\u00b0 49\/2017<br \/>\nOBJETO: REGISTRO DE PRE\u00c7OS PARA AQUISI\u00c7\u00c3O DE UNIFORMES ESCOLARES A SEREM DESTINADOS AOS ALUNOS DA REDE PUBLICA MUNICIPAL DE ENSINO.<br \/>\nDATA DA REALIZA\u00c7\u00c3O: 08\/05\/2017<br \/>\nHOR\u00c1RIO: 09:00 horas<br \/>\nLOCAL: Pra\u00e7a Coronel Orlando n\u00ba 652, centro.<br \/>\nOBS.: D\u00favidas somente por e-mail: licitacao@orlandia.sp.gov.br a partir da data de disponibiliza\u00e7\u00e3o.<\/p>\n","protected":false},"author":10,"featured_media":0,"comment_status":"open","ping_status":"open","sticky":false,"template":"","format":"standard","meta":{"ngg_post_thumbnail":0,"footnotes":""},"categories":[42],"tags":[],"magazineBlocksPostFeaturedMedia":{"thumbnail":false,"medium":false,"medium_large":false,"large":false,"1536x1536":false,"2048x2048":false,"colormag-highlighted-post":false,"colormag-featured-post-medium":false,"colormag-featured-post-small":false,"colormag-featured-image":false,"colormag-default-news":false,"colormag-featured-image-large":false},"magazineBlocksPostAuthor":{"name":"Licita\u00e7\u00e3o","avatar":"https:\/\/secure.gravatar.com\/avatar\/510039dcf0c0f298820adcefb2dc032d?s=96&d=mm&r=g"},"magazineBlocksPostCommentsNumber":false,"magazineBlocksPostExcerpt":"PROCESSO n\u00b0 49\/2017\r\nOBJETO: REGISTRO DE PRE\u00c7OS PARA AQUISI\u00c7\u00c3O DE UNIFORMES ESCOLARES A SEREM DESTINADOS AOS ALUNOS DA REDE PUBLICA MUNICIPAL DE ENSINO.\r\nDATA DA REALIZA\u00c7\u00c3O: 08\/05\/2017\r\nHOR\u00c1RIO: 09:00 horas \r\nLOCAL: Pra\u00e7a Coronel Orlando n\u00ba 652, centro.\r\nOBS.: D\u00favidas somente por e-mail: licitacao@orlandia.sp.gov.br a partir da data de disponibiliza\u00e7\u00e3o.","magazineBlocksPostCategories":["Preg\u00e3o Presencial"],"magazine_blocks_featured_image_url":{"full":false,"medium":false,"thumbnail":false},"magazine_blocks_author":{"display_name":"Licita\u00e7\u00e3o","author_link":"https:\/\/www.orlandia.sp.gov.br\/novo\/author\/licitacao"},"magazine_blocks_comment":0,"magazine_blocks_author_image":"https:\/\/secure.gravatar.com\/avatar\/510039dcf0c0f298820adcefb2dc032d?s=96&d=mm&r=g","magazine_blocks_category":"<a href=\"https:\/\/www.orlandia.sp.gov.br\/novo\/category\/publicacoes\/pregao-presencial\" rel=\"category tag\">Preg\u00e3o Presencial<\/a>","_links":{"self":[{"href":"https:\/\/www.orlandia.sp.gov.br\/novo\/wp-json\/wp\/v2\/posts\/10222"}],"collection":[{"href":"https:\/\/www.orlandia.sp.gov.br\/novo\/wp-json\/wp\/v2\/posts"}],"about":[{"href":"https:\/\/www.orlandia.sp.gov.br\/novo\/wp-json\/wp\/v2\/types\/post"}],"author":[{"embeddable":true,"href":"https:\/\/www.orlandia.sp.gov.br\/novo\/wp-json\/wp\/v2\/users\/10"}],"replies":[{"embeddable":true,"href":"https:\/\/www.orlandia.sp.gov.br\/novo\/wp-json\/wp\/v2\/comments?post=10222"}],"version-history":[{"count":7,"href":"https:\/\/www.orlandia.sp.gov.br\/novo\/wp-json\/wp\/v2\/posts\/10222\/revisions"}],"predecessor-version":[{"id":10345,"href":"https:\/\/www.orlandia.sp.gov.br\/novo\/wp-json\/wp\/v2\/posts\/10222\/revisions\/10345"}],"wp:attachment":[{"href":"https:\/\/www.orlandia.sp.gov.br\/novo\/wp-json\/wp\/v2\/media?parent=10222"}],"wp:term":[{"taxonomy":"category","embeddable":true,"href":"https:\/\/www.orlandia.sp.gov.br\/novo\/wp-json\/wp\/v2\/categories?post=10222"},{"taxonomy":"post_tag","embeddable":true,"href":"https:\/\/www.orlandia.sp.gov.br\/novo\/wp-json\/wp\/v2\/tags?post=10222"}],"curies":[{"name":"wp","href":"https:\/\/api.w.org\/{rel}","templated":true}]}}